{"id":168,"date":"2012-01-23T20:47:17","date_gmt":"2012-01-23T19:47:17","guid":{"rendered":"http:\/\/savoue.patoue.fr\/2012\/01\/23\/actes-du-deuxieme-colloque-du-mont-dolent\/"},"modified":"2012-01-23T20:47:17","modified_gmt":"2012-01-23T19:47:17","slug":"actes-du-deuxieme-colloque-du-mont-dolent","status":"publish","type":"post","link":"https:\/\/sabaudia-mrs.org\/index.php\/2012\/01\/23\/actes-du-deuxieme-colloque-du-mont-dolent\/","title":{"rendered":"Deuxi\u00e8me colloque du Mont-Dolent"},"content":{"rendered":"<p><a class=\"highslide\" href=\"http:\/\/sabaudr.cluster028.hosting.ovh.net\/wp-content\/uploads\/2012\/01\/affiche-mont-dolent-2.jpg\" target=\"_blank\" rel=\"noopener\"><em>\u00a0{jcomments on}<\/em><\/a><img loading=\"lazy\" decoding=\"async\" class=\" size-full wp-image-164\" style=\"display: block; margin-left: auto; margin-right: auto; vertical-align: top;\" alt=\"logo_mtdlt\" src=\"http:\/\/sabaudr.cluster028.hosting.ovh.net\/wp-content\/uploads\/2012\/01\/logo_mtdlt.png\" height=\"63\" width=\"300\" srcset=\"https:\/\/sabaudia-mrs.org\/wp-content\/uploads\/2012\/01\/logo_mtdlt.png 1124w, https:\/\/sabaudia-mrs.org\/wp-content\/uploads\/2012\/01\/logo_mtdlt-300x63.png 300w, https:\/\/sabaudia-mrs.org\/wp-content\/uploads\/2012\/01\/logo_mtdlt-1024x215.png 1024w, https:\/\/sabaudia-mrs.org\/wp-content\/uploads\/2012\/01\/logo_mtdlt-768x161.png 768w\" sizes=\"auto, (max-width: 300px) 100vw, 300px\" \/><\/p>\n<p>\u00a0<\/p>\n<p><a class=\"highslide\" href=\"http:\/\/sabaudr.cluster028.hosting.ovh.net\/wp-content\/uploads\/2012\/01\/affiche-mont-dolent-2.jpg\" target=\"_blank\" rel=\"noopener\"><em><img loading=\"lazy\" decoding=\"async\" style=\"margin: 10px; float: right;\" alt=\"affiche mont dolent 2\" src=\"http:\/\/sabaudr.cluster028.hosting.ovh.net\/wp-content\/uploads\/2012\/01\/affiche-mont-dolent-2.jpg\" height=\"198\" width=\"140\" \/><\/em><\/a><\/p>\n<p><span style=\"font-size: 10pt;\"><em><strong>Le deuxi\u00e8me colloque du Mont-Dolent a eu lieu \u00e0 Gignod le 26 novembre 2011. Au programme, deux th\u00e8mes abord\u00e9s : \u00ab\u00a0Voix\u00a0\u00bb et \u00ab\u00a0Voies\u00a0\u00bb alpines, c&rsquo;est \u00e0 dire d&rsquo;une part l&rsquo;Arpitan (ou Francoproven\u00e7al); d&rsquo;autre part les transports \u00e0 travers les Alpes. Les actes sont d\u00e9sormais en ligne.<\/strong><br \/><\/em><\/span><\/p>\n<p>\u00a0<\/p>\n<p><span style=\"font-size: 10pt;\">Vous pouvez ici :<\/span><\/p>\n<p><em><span style=\"font-size: 10pt;\">-> t\u00e9l\u00e9charger les <a href=\"http:\/\/sabaudr.cluster028.hosting.ovh.net\/wp-content\/uploads\/2012\/01\/actesmtdt2.pdf\" target=\"_blank\" rel=\"noopener\">actes du colloques<\/a> au format pdf <\/span><a href=\"http:\/\/sabaudr.cluster028.hosting.ovh.net\/wp-content\/uploads\/2012\/01\/actesmtdt2.pdf\" target=\"_blank\" rel=\"noopener\"><img loading=\"lazy\" decoding=\"async\" class=\" size-full wp-image-167\" style=\"vertical-align: middle;\" alt=\"logopdf\" src=\"http:\/\/sabaudr.cluster028.hosting.ovh.net\/wp-content\/uploads\/2012\/01\/logopdf.jpg\" height=\"40\" width=\"40\" \/><\/a><br \/><\/em> <\/p>\n<ul>\n<\/ul>\n<p><em>-> relire le programme : ci-dessous<br \/><\/em><\/p>\n<p><!--more--><\/p>\n<p>\u00a0<\/p>\n<p><strong><em><a name=\"prog\"><\/a>Programme du Colloque<br \/><\/em><\/strong><\/p>\n<ul>\n<li><span style=\"color: #ff0000;\"><b>Allocutions de bienvenue<\/b>: <\/span><\/li>\n<\/ul>\n<p>Par R. Farcoz Pr\u00e9sident de la Communaut\u00e9 de montagne du Grand Combin et  Syndic de Gignod, Charles Perrin Pr\u00e9sident de l\u2019ALPE,\u00a0 Miguel Martinez  Tomey repr\u00e9sentant l\u2019ALE, P\u00e8ire Costa, RPS, Fran\u00e7ois  Coutin repr\u00e9sentant l\u2019UEF, Chantal Certan, Secr\u00e9taire de ALPE, No\u00ebl Communod Pr\u00e9sident du MRS<\/p>\n<p>\u00a0<\/p>\n<p>Deux sessions se sont d\u00e9roul\u00e9es simultan\u00e9ment avec tables-rondes et d\u00e9bats sur les deux th\u00e8mes du colloque : le Francoproven\u00e7al et Transports en montagne.<\/p>\n<p>\u00a0<\/p>\n<ul>\n<li>\n<p><b><span style=\"color: #ff0000;\">1\u00b0Session\u00a0: \tLe Francoproven\u00e7al\u00a0: R\u00e9sistances et esp\u00e9rances\u00a0<\/span><br \/><\/b> <strong><em><br \/>sous la Pr\u00e9sidence de Bernard Bornet<\/em><\/strong><\/p>\n<\/li>\n<\/ul>\n<p>\u00a0<strong><b>Le matin<\/b><\/strong><b> : Table-ronde et d\u00e9bat\u00a0: La r\u00e9sistance locale<\/b><\/p>\n<p><b>En Rh\u00f4ne-Alpes\u00a0:<\/b> Belkacem Loun\u00e8s, Jean-Baptiste Martin, <b>En Pays de Savoie\u00a0:<\/b> Alain Favre, <b>En Suisse\u00a0:<\/b> Federica Di\u00e9moz, Nicole Margot, Marcel Th\u00fcrler, <b>En Vall\u00e9e d\u2019Aoste et Pi\u00e9mont\u00a0:<\/b> Florian Corradin, Iris Morandi, Marco Rey<\/p>\n<p>\u00a0<b>L&rsquo;apr\u00e8s-midi<\/b><b> : Table-ronde et d\u00e9bat\u00a0: La r\u00e9sistance par la coop\u00e9ration internationale <\/b><\/p>\n<p>&#8211; Les \tmouvements associatifs\u00a0: Fabio Armand, Alexis B\u00e9temps, Nicole \tMargot, Patrizia Morelli, Eric Verney,<\/p>\n<p><strong> <\/strong>&#8211; Une \tlangue transfrontali\u00e8re europ\u00e9enne\u00a0: Federica Di\u00e9moz,\u00a0 \tMalika Benarab Attou, Christiane Dunoyer, Alain Favre<\/p>\n<ul>\n<li><span style=\"color: #ff0000;\"><b>2\u00b0Session\u00a0:Transport \tet pollution en montagne<\/b><b>,<\/b><\/span>\u00a0<\/li>\n<\/ul>\n<p><strong><em>\u00a0\u00a0\u00a0\u00a0\u00a0\u00a0\u00a0\u00a0\u00a0\u00a0\u00a0\u00a0\u00a0 sous la Pr\u00e9sidence de Jean-Yves Petit<\/em><\/strong><\/p>\n<p><strong><b>Le matin<\/b><\/strong><b> :<\/b><b>\u00a0<\/b><b>Table-ronde et d\u00e9bat<\/b> : <b>Transports locaux et pollution<\/b><\/p>\n<p><b>Dans les Alpes\u00a0:<\/b> Laurent Blondaz, Michel Maniglier, <b>en Vall\u00e9e d\u2019Aoste\u00a0:<\/b> Robert Louvin, <b>en vall\u00e9e du Rh\u00f4ne suisse\u00a0:<\/b> Patrice Michaud, <b>l\u2019acc\u00e8s \u00e0 Gen\u00e8ve\u00a0:<\/b> Alain Pirat, <b>l\u2019acc\u00e8s aux stations d\u2019altitude\u00a0:<\/b> Denis Bouchet, Georges Mari\u00e9tan, <b>La mobilit\u00e9 douce\u00a0:<\/b> Massimo Tamone<\/p>\n<p><b>L&rsquo;apr\u00e8s-midi<\/b><b> : Table-ronde et d\u00e9bat\u00a0: Grandes voies transfrontali\u00e8res et pollution<\/b><\/p>\n<p>Eric Fournier, Miguel Martinez Tomey, Albert Chatrian<\/p>\n","protected":false},"excerpt":{"rendered":"<p>\u00a0{jcomments on} \u00a0 Le deuxi\u00e8me colloque du Mont-Dolent a eu lieu \u00e0 Gignod le 26 novembre 2011. Au programme, deux th\u00e8mes abord\u00e9s : \u00ab\u00a0Voix\u00a0\u00bb et \u00ab\u00a0Voies\u00a0\u00bb alpines, c&rsquo;est \u00e0 dire d&rsquo;une part l&rsquo;Arpitan (ou Francoproven\u00e7al); d&rsquo;autre part les transports \u00e0 travers les Alpes. Les actes sont d\u00e9sormais en ligne. \u00a0 Vous pouvez ici : -> &#8230; <a title=\"Deuxi\u00e8me colloque du Mont-Dolent\" class=\"read-more\" href=\"https:\/\/sabaudia-mrs.org\/index.php\/2012\/01\/23\/actes-du-deuxieme-colloque-du-mont-dolent\/\" aria-label=\"En savoir plus sur Deuxi\u00e8me colloque du Mont-Dolent\">Lire la suite<\/a><\/p>\n","protected":false},"author":1,"featured_media":164,"comment_status":"open","ping_status":"open","sticky":false,"template":"","format":"standard","meta":{"footnotes":""},"categories":[50],"tags":[],"class_list":["post-168","post","type-post","status-publish","format-standard","has-post-thumbnail","hentry","category-rencontres"],"_links":{"self":[{"href":"https:\/\/sabaudia-mrs.org\/index.php\/wp-json\/wp\/v2\/posts\/168","targetHints":{"allow":["GET"]}}],"collection":[{"href":"https:\/\/sabaudia-mrs.org\/index.php\/wp-json\/wp\/v2\/posts"}],"about":[{"href":"https:\/\/sabaudia-mrs.org\/index.php\/wp-json\/wp\/v2\/types\/post"}],"author":[{"embeddable":true,"href":"https:\/\/sabaudia-mrs.org\/index.php\/wp-json\/wp\/v2\/users\/1"}],"replies":[{"embeddable":true,"href":"https:\/\/sabaudia-mrs.org\/index.php\/wp-json\/wp\/v2\/comments?post=168"}],"version-history":[{"count":0,"href":"https:\/\/sabaudia-mrs.org\/index.php\/wp-json\/wp\/v2\/posts\/168\/revisions"}],"wp:featuredmedia":[{"embeddable":true,"href":"https:\/\/sabaudia-mrs.org\/index.php\/wp-json\/wp\/v2\/media\/164"}],"wp:attachment":[{"href":"https:\/\/sabaudia-mrs.org\/index.php\/wp-json\/wp\/v2\/media?parent=168"}],"wp:term":[{"taxonomy":"category","embeddable":true,"href":"https:\/\/sabaudia-mrs.org\/index.php\/wp-json\/wp\/v2\/categories?post=168"},{"taxonomy":"post_tag","embeddable":true,"href":"https:\/\/sabaudia-mrs.org\/index.php\/wp-json\/wp\/v2\/tags?post=168"}],"curies":[{"name":"wp","href":"https:\/\/api.w.org\/{rel}","templated":true}]}}