{"id":163,"date":"2013-06-07T17:58:07","date_gmt":"2013-06-07T15:58:07","guid":{"rendered":"http:\/\/savoue.patoue.fr\/2013\/06\/07\/assemblee-generale-2013-du-mouvement-region-savoie\/"},"modified":"2013-06-07T17:58:07","modified_gmt":"2013-06-07T15:58:07","slug":"assemblee-generale-2013-du-mouvement-region-savoie","status":"publish","type":"post","link":"https:\/\/sabaudia-mrs.org\/index.php\/2013\/06\/07\/assemblee-generale-2013-du-mouvement-region-savoie\/","title":{"rendered":"Assembl\u00e9e g\u00e9n\u00e9rale 2013 du Mouvement R\u00e9gion Savoie"},"content":{"rendered":"<p><span style=\"font-size: 10pt;\"><i><img loading=\"lazy\" decoding=\"async\" class=\" size-full wp-image-162\" style=\"display: block; margin-left: auto; margin-right: auto;\" alt=\"mrs2012\" src=\"http:\/\/sabaudr.cluster028.hosting.ovh.net\/wp-content\/uploads\/2013\/06\/mrs2012.jpg\" height=\"90\" width=\"190\" srcset=\"https:\/\/sabaudia-mrs.org\/wp-content\/uploads\/2013\/06\/mrs2012.jpg 569w, https:\/\/sabaudia-mrs.org\/wp-content\/uploads\/2013\/06\/mrs2012-300x141.jpg 300w\" sizes=\"auto, (max-width: 190px) 100vw, 190px\" \/>En  cette ann\u00e9e 2013, compte-tenu des modifications pr\u00e9visibles du paysage  institutionnel et politique de nos pays de Savoie, nous avons d\u00e9cid\u00e9  d\u2019ouvrir largement notre assembl\u00e9e g\u00e9n\u00e9rale pour en faire un <strong>d\u00e9bat de fond<\/strong> sur le type de soci\u00e9t\u00e9 que veulent les Savoyards\u00a0:<\/i><\/span><\/p>\n<p>\u00a0<\/p>\n<ul>\n<li>\n<p align=\"LEFT\"><span style=\"font-size: 10pt;\"><b>Quel projet politique pour la Savoie\u00a0?\u00a0<br \/>Quel projet de soci\u00e9t\u00e9\u00a0?<\/b><\/span><\/p>\n<\/li>\n<li>\n<p align=\"LEFT\"><span style=\"font-size: 10pt;\"><b>Fusion des d\u00e9partements pour cr\u00e9er une collectivit\u00e9 \u00e0 statut particulier ou m\u00e9tropole ou R\u00e9gion Savoie\u00a0?<\/b><b> <\/b><\/span><\/p>\n<\/li>\n<li>\n<p align=\"LEFT\"><span style=\"font-size: 10pt;\"><b>Exiger la D\u00e9mocratie r\u00e9elle et directe\u00a0: quel r\u00f4le peut jouer un mouvement politique et citoyen r\u00e9gional\u00a0?<br \/><\/b><\/span><\/p>\n<\/li>\n<\/ul>\n<p align=\"CENTER\">\u00a0<\/p>\n<p align=\"CENTER\"><span style=\"font-size: 10pt;\"><b>Nous vous invitons \u00e0 participer \u00e0 l&rsquo;assembl\u00e9e G\u00e9n\u00e9rale du Mouvement R\u00e9gion Savoie<\/b><b> le 29 JUIN 2013 de 9H \u00e0 16H30 avec un buffet offert sur place, Salle communale \u00e0 Arenthon  (74800) <\/b><\/span><\/p>\n<p>\u00a0<\/p>\n<p><span style=\"font-size: 10pt;\"><i>Merci de nous informer de votre pr\u00e9sence par le formulaire dispos\u00e9 en bas de ce message.<\/i><\/span><\/p>\n<p>\u00a0<\/p>\n<p>\u00a0<\/p>\n<h2><span style=\"font-size: 14pt;\"><strong>Ordre du jour<\/strong> <\/span><\/h2>\n<p><span style=\"font-size: 10pt;\"><strong>Matin : Bilan annuel et d\u00e9bat<\/strong><\/span><\/p>\n<p><span style=\"font-size: 10pt;\"><strong>Accueil\u00a0: caf\u00e9-croissants \u00e0 partir de 8h30<\/strong><\/span><\/p>\n<p>\u00a0<\/p>\n<p><span style=\"font-size: 10pt;\">de 9h15\u00a0\u00e0 13h :<\/span><br \/><span style=\"font-size: 10pt;\"><b>&#8211; Bilan politique et perspectives du MRS<\/b><\/span><\/p>\n<p><span style=\"font-size: 10pt;\"><b><br \/>&#8211; D\u00e9bat politique<br \/><\/b><\/span><\/p>\n<ul>\n<\/ul>\n<p><span style=\"font-size: 10pt;\"><i>Ap\u00e9ritif et Buffet offerts sur place \u00e0 13h<\/i><\/span><\/p>\n<p><span style=\"font-size: 10pt;\"><strong>Apr\u00e8s-midi\u00a0: \u00e0 partir de 14h\u00a0: AG statutaire<\/strong><\/span><\/p>\n<ul>\n<li>\n<p><span style=\"font-size: 10pt;\">rapport     financier + vote<\/span><\/p>\n<\/li>\n<li>\n<p><span style=\"font-size: 10pt;\">questions     d&rsquo;organisation: communication, recrutement, cotisations&#8230;<\/span><\/p>\n<\/li>\n<li>\n<p><span style=\"font-size: 10pt;\">universit\u00e9     d&rsquo;\u00e9t\u00e9, dispositions pratiques<\/span><\/p>\n<\/li>\n<li>\n<p><span style=\"font-size: 10pt;\">\u00e9lection     du nouveau CA<\/span><\/p>\n<\/li>\n<li>\n<p><span style=\"font-size: 10pt;\">r\u00e9union     du CA pour \u00e9lire le Bureau 2013-2014<\/span><\/p>\n<\/li>\n<\/ul>\n<p><span style=\"font-size: 10pt;\">Cl\u00f4ture vers 16h30 au plus tard.<\/span><\/p>\n<p>\u00a0<\/p>\n<p>\u00a0<\/p>\n<hr \/>\n<p>\u00a0<\/p>\n<p><span style=\"font-size: 10pt;\">{ckform AG2013}<\/span><\/p>\n<p>\u00a0<\/p>\n<hr \/>\n<p>{jcomments off}<\/p>\n","protected":false},"excerpt":{"rendered":"<p>En cette ann\u00e9e 2013, compte-tenu des modifications pr\u00e9visibles du paysage institutionnel et politique de nos pays de Savoie, nous avons d\u00e9cid\u00e9 d\u2019ouvrir largement notre assembl\u00e9e g\u00e9n\u00e9rale pour en faire un d\u00e9bat de fond sur le type de soci\u00e9t\u00e9 que veulent les Savoyards\u00a0: \u00a0 Quel projet politique pour la Savoie\u00a0?\u00a0Quel projet de soci\u00e9t\u00e9\u00a0? Fusion des d\u00e9partements &#8230; <a title=\"Assembl\u00e9e g\u00e9n\u00e9rale 2013 du Mouvement R\u00e9gion Savoie\" class=\"read-more\" href=\"https:\/\/sabaudia-mrs.org\/index.php\/2013\/06\/07\/assemblee-generale-2013-du-mouvement-region-savoie\/\" aria-label=\"En savoir plus sur Assembl\u00e9e g\u00e9n\u00e9rale 2013 du Mouvement R\u00e9gion Savoie\">Lire la suite<\/a><\/p>\n","protected":false},"author":1,"featured_media":162,"comment_status":"open","ping_status":"open","sticky":false,"template":"","format":"standard","meta":{"footnotes":""},"categories":[50],"tags":[],"class_list":["post-163","post","type-post","status-publish","format-standard","has-post-thumbnail","hentry","category-rencontres"],"_links":{"self":[{"href":"https:\/\/sabaudia-mrs.org\/index.php\/wp-json\/wp\/v2\/posts\/163","targetHints":{"allow":["GET"]}}],"collection":[{"href":"https:\/\/sabaudia-mrs.org\/index.php\/wp-json\/wp\/v2\/posts"}],"about":[{"href":"https:\/\/sabaudia-mrs.org\/index.php\/wp-json\/wp\/v2\/types\/post"}],"author":[{"embeddable":true,"href":"https:\/\/sabaudia-mrs.org\/index.php\/wp-json\/wp\/v2\/users\/1"}],"replies":[{"embeddable":true,"href":"https:\/\/sabaudia-mrs.org\/index.php\/wp-json\/wp\/v2\/comments?post=163"}],"version-history":[{"count":0,"href":"https:\/\/sabaudia-mrs.org\/index.php\/wp-json\/wp\/v2\/posts\/163\/revisions"}],"wp:featuredmedia":[{"embeddable":true,"href":"https:\/\/sabaudia-mrs.org\/index.php\/wp-json\/wp\/v2\/media\/162"}],"wp:attachment":[{"href":"https:\/\/sabaudia-mrs.org\/index.php\/wp-json\/wp\/v2\/media?parent=163"}],"wp:term":[{"taxonomy":"category","embeddable":true,"href":"https:\/\/sabaudia-mrs.org\/index.php\/wp-json\/wp\/v2\/categories?post=163"},{"taxonomy":"post_tag","embeddable":true,"href":"https:\/\/sabaudia-mrs.org\/index.php\/wp-json\/wp\/v2\/tags?post=163"}],"curies":[{"name":"wp","href":"https:\/\/api.w.org\/{rel}","templated":true}]}}