{"id":1513,"date":"2024-09-26T20:49:06","date_gmt":"2024-09-26T18:49:06","guid":{"rendered":"https:\/\/sabaudia-mrs.org\/?p=1513"},"modified":"2024-09-26T20:49:08","modified_gmt":"2024-09-26T18:49:08","slug":"des-ministres-savoyards-pour-reformer-la-france","status":"publish","type":"post","link":"https:\/\/sabaudia-mrs.org\/index.php\/2024\/09\/26\/des-ministres-savoyards-pour-reformer-la-france\/","title":{"rendered":"Des ministres savoyards pour r\u00e9former la France ?"},"content":{"rendered":"\n<p>Apr\u00e8s la nomination de Michel Barnier premier ministre, c\u2019est une nouvelle surprise : Antoine Armand, d\u00e9put\u00e9 d\u2019Annecy, obtient la lourde responsabilit\u00e9 du minist\u00e8re de l\u2019\u00e9conomie. Une mission difficile vu l\u2019ampleur des d\u00e9ficits publics en France, et aussi la faible l\u00e9gitimit\u00e9 d\u00e9mocratique dont disposera ce gouvernement. Il sera entour\u00e9 de Marina Ferrari, d\u00e9put\u00e9e d\u2019Aix les Bains, ministre d\u00e9l\u00e9gu\u00e9e charg\u00e9e de l&rsquo;\u00c9conomie du Tourisme, d\u2019Olga Givernet, d\u00e9put\u00e9 du Pays du Gex et du Bugey, ministre d\u00e9l\u00e9gu\u00e9e \u00e0 l\u2019\u00e9nergie, de Marc Ferracci, d\u00e9put\u00e9 des Fran\u00e7ais de Suisse et du Liechtenstein, ministre d\u00e9l\u00e9gu\u00e9 charg\u00e9 de l\u2019Industrie.<br>Jamais nous n\u2019avions eu autant de ministres issus de notre territoire. On r\u00eave de voir cette \u00e9quipe rapproch\u00e9e marquer l\u2019histoire en insufflant les principes d\u00e9mocratiques et f\u00e9d\u00e9raux de la Suisse voisine qui feraient tant de bien \u00e0 la France.<\/p>\n\n\n\n<p>Rappelons qu\u2019\u00e0 une \u00e9poque plus ancienne, la Savoie fut un transmetteur du courant de la Renaissance en provenance d\u2019Italie. On doit \u00e0 Claude de Seyssel le premier ouvrage de sciences politiques en langue fran\u00e7aise, \u00e0 Guillaume Fichet la premi\u00e8re imprimerie introduite \u00e0 Paris, \u00e0 Claude de Vaugelas, la premi\u00e8re grammaire fran\u00e7aise. Mesdames et Messieurs les ministres, soyez \u00e0 la hauteur !<\/p>\n\n\n\n<p>Cette configuration du gouvernement permettra-t-elle l\u2019\u00e9mergence d\u2019une r\u00e9gion Savoie dot\u00e9e d\u2019un statut d\u2019autonomie, tel que Sabaudia-MRS le revendique depuis de nombreuses ann\u00e9es ? Ramener le sujet \u00e0 la Savoie n\u2019est pas anecdotique. Et cela concerne toutes les r\u00e9gions. Car au-del\u00e0 des chiffres, et m\u00eame s&rsquo;ils sont vertigineux, le plus grand d\u00e9ficit de la France, c&rsquo;est bien le manque de reconnaissance des territoires qui la composent, dans leurs richesses, leurs sp\u00e9cificit\u00e9s et leur diversit\u00e9.<\/p>\n\n\n\n<p>L\u2019attente est forte pour une \u00e9volution institutionnelle vers plus d\u00e9mocratie, de justice, d&rsquo;autonomie et de reconnaissance culturelle aussi. Il est temps de faire confiance au bon sens des populations pour contr\u00f4ler et r\u00e9guler les d\u00e9penses des collectivit\u00e9s locales et territoriales, mais aussi pour d\u00e9velopper les initiatives individuelles et collectives de tout ordre. S\u2019impr\u00e9gner d\u2019un peu de culture f\u00e9d\u00e9raliste helv\u00e9tique et germanique pourrait \u00eatre salutaire. M\u00e9ditons cette phrase de Goethe : \u201dle meilleur gouvernement, c\u2019est celui qui nous enseigne \u00e0 nous gouverner nous-m\u00eames\u201d.<\/p>\n\n\n\n<p>Nous apportons nos encouragements \u00e0 ces nouveaux ministres dans leur mission de redresser le pays.<\/p>\n\n\n\n<p>Pour Sabaudia-MRS<br>Laurent Blondaz<\/p>\n","protected":false},"excerpt":{"rendered":"<p>Apr\u00e8s la nomination de Michel Barnier premier ministre, c\u2019est une nouvelle surprise : Antoine Armand, d\u00e9put\u00e9 d\u2019Annecy, obtient la lourde responsabilit\u00e9 du minist\u00e8re de l\u2019\u00e9conomie. Une mission difficile vu l\u2019ampleur des d\u00e9ficits publics en France, et aussi la faible l\u00e9gitimit\u00e9 d\u00e9mocratique dont disposera ce gouvernement. Il sera entour\u00e9 de Marina Ferrari, d\u00e9put\u00e9e d\u2019Aix les Bains, &#8230; <a title=\"Des ministres savoyards pour r\u00e9former la France ?\" class=\"read-more\" href=\"https:\/\/sabaudia-mrs.org\/index.php\/2024\/09\/26\/des-ministres-savoyards-pour-reformer-la-france\/\" aria-label=\"En savoir plus sur Des ministres savoyards pour r\u00e9former la France ?\">Lire la suite<\/a><\/p>\n","protected":false},"author":1,"featured_media":1514,"comment_status":"open","ping_status":"open","sticky":false,"template":"","format":"standard","meta":{"footnotes":""},"categories":[2,61,10],"tags":[],"class_list":["post-1513","post","type-post","status-publish","format-standard","has-post-thumbnail","hentry","category-slogans","category-actualite-politique-en-savoie","category-economie"],"_links":{"self":[{"href":"https:\/\/sabaudia-mrs.org\/index.php\/wp-json\/wp\/v2\/posts\/1513","targetHints":{"allow":["GET"]}}],"collection":[{"href":"https:\/\/sabaudia-mrs.org\/index.php\/wp-json\/wp\/v2\/posts"}],"about":[{"href":"https:\/\/sabaudia-mrs.org\/index.php\/wp-json\/wp\/v2\/types\/post"}],"author":[{"embeddable":true,"href":"https:\/\/sabaudia-mrs.org\/index.php\/wp-json\/wp\/v2\/users\/1"}],"replies":[{"embeddable":true,"href":"https:\/\/sabaudia-mrs.org\/index.php\/wp-json\/wp\/v2\/comments?post=1513"}],"version-history":[{"count":1,"href":"https:\/\/sabaudia-mrs.org\/index.php\/wp-json\/wp\/v2\/posts\/1513\/revisions"}],"predecessor-version":[{"id":1515,"href":"https:\/\/sabaudia-mrs.org\/index.php\/wp-json\/wp\/v2\/posts\/1513\/revisions\/1515"}],"wp:featuredmedia":[{"embeddable":true,"href":"https:\/\/sabaudia-mrs.org\/index.php\/wp-json\/wp\/v2\/media\/1514"}],"wp:attachment":[{"href":"https:\/\/sabaudia-mrs.org\/index.php\/wp-json\/wp\/v2\/media?parent=1513"}],"wp:term":[{"taxonomy":"category","embeddable":true,"href":"https:\/\/sabaudia-mrs.org\/index.php\/wp-json\/wp\/v2\/categories?post=1513"},{"taxonomy":"post_tag","embeddable":true,"href":"https:\/\/sabaudia-mrs.org\/index.php\/wp-json\/wp\/v2\/tags?post=1513"}],"curies":[{"name":"wp","href":"https:\/\/api.w.org\/{rel}","templated":true}]}}