{"id":101,"date":"2012-11-29T17:29:07","date_gmt":"2012-11-29T16:29:07","guid":{"rendered":"http:\/\/savoue.patoue.fr\/2012\/11\/29\/en-2013-un-referendum-pour-fusionner-les-deux-departements-en-une-collectivite-regionale-unique\/"},"modified":"2012-11-29T17:29:07","modified_gmt":"2012-11-29T16:29:07","slug":"en-2013-un-referendum-pour-fusionner-les-deux-departements-en-une-collectivite-regionale-unique","status":"publish","type":"post","link":"https:\/\/sabaudia-mrs.org\/index.php\/2012\/11\/29\/en-2013-un-referendum-pour-fusionner-les-deux-departements-en-une-collectivite-regionale-unique\/","title":{"rendered":"En 2013, un r\u00e9f\u00e9rendum pour fusionner les deux d\u00e9partements en une collectivit\u00e9 r\u00e9gionale unique"},"content":{"rendered":"<div><span style=\"font-size: 10pt;\"><img decoding=\"async\" class=\" alignleft size-full wp-image-100\" style=\"margin: 5px; float: left;\" src=\"http:\/\/sabaudr.cluster028.hosting.ovh.net\/wp-content\/uploads\/2012\/11\/vote.jpg\" width=\"140\" \/>C&rsquo;est  ce qui vient d&rsquo;\u00eatre adopt\u00e9 ce samedi 24 novembre, par les conseillers  g\u00e9n\u00e9raux et r\u00e9gionaux des deux d\u00e9partements r\u00e9unis en congr\u00e8s : 108 voix  pour, 5 contre, 9 abstentions (sources : <a rel=\"nofollow noopener\" href=\"http:\/\/www.liberation.fr\/depeches\/2012\/11\/24\/alsace-les-elus-votent-la-creation-d-une-collectivite-territoriale-unique_862768\" target=\"_blank\">Lib\u00e9ration<\/a>, <a target=\"_blank\" href=\"http:\/\/tempsreel.nouvelobs.com\/politique\/20121124.AFP5906\/alsace-les-elus-votent-la-creation-d-une-collectivite-territoriale-unique.html\" rel=\"noopener\">Nouvel Observateur<\/a>, <a target=\"_blank\" href=\"http:\/\/www.lepoint.fr\/societe\/l-alsace-fusionne-ses-collectivites-locales-24-11-2012-1533174_23.php\" rel=\"noopener\">le Point<\/a>, &#8230; le 24\/11\/2012).  Le projet de cr\u00e9ation de cette collectivit\u00e9 territoriale unique pourra, selon ses promoteurs, <i>\u00ab\u00a0gagner en efficacit\u00e9 et en simplicit\u00e9\u00a0\u00bb<\/i> et <i>\u00ab\u00a0renforcer le poids politique de la r\u00e9gion\u00a0\u00bb<\/i>.  Les \u00e9lecteurs se prononceront lors d&rsquo;un r\u00e9f\u00e9rendum qui devrait avoir  lieu le 7 avril 2013. Cette collectivit\u00e9 pourrait voir le jour en 2015,  en application de la loi du 16 d\u00e9cembre 2010.<\/span><\/div>\n<p><!--more--><\/p>\n<div><span style=\"font-size: 10pt;\">Il  s&rsquo;agit ici pour une fois d&rsquo;une belle entente droite-gauche, au-del\u00e0 des  strat\u00e9gies politicardes, qui permettra, si les citoyens en d\u00e9cident  ainsi, de mettre en place une politique territoriale efficace, adapt\u00e9e  aux sp\u00e9cificit\u00e9s r\u00e9gionales, comme par exemple les relations  transfrontali\u00e8res. Elle permettra <i>de gagner en efficacit\u00e9 dans des  domaines o\u00f9 les comp\u00e9tences des collectivit\u00e9s actuelles s&rsquo;entrem\u00ealent,  et d&rsquo;obtenir de l&rsquo;Etat de nouveaux transferts de responsabilit\u00e9, dans  l&rsquo;\u00e9ducation, les transports, la culture, le logement ou le d\u00e9veloppement  \u00e9conomique.<\/i><\/span><\/div>\n<div><span style=\"font-size: 10pt;\"><i><br \/><\/i><\/span><\/div>\n<div class=\"im\">\n<div><span style=\"font-size: 10pt;\">Une r\u00e9gion petite par sa taille, grande par son dynamisme\u00a0!<\/span><\/div>\n<div><\/div>\n<div><span style=\"font-size: 10pt;\">Notons  que gr\u00e2ce \u00e0 cette fusion, les conseillers g\u00e9n\u00e9raux et r\u00e9gionaux  conc\u00e8dent eux-m\u00eames une r\u00e9duction de 10% \u00e0 20% du nombre d&rsquo;\u00e9lus.<\/span><\/div>\n<div><\/div>\n<\/div>\n<div><span style=\"font-size: 10pt;\">Un <i>\u00ab\u00a0moment historique\u00a0\u00bb<\/i> pour cette collectivit\u00e9 <i>\u00ab\u00a0qui n&rsquo;a jamais \u00e9t\u00e9 faite ailleurs\u00a0\u00bb<\/i> et qui <i>\u00ab\u00a0pourra servir demain d&rsquo;aiguillon\u00a0\u00bb<\/i> \u00e0 d&rsquo;autres r\u00e9gions\u00a0: c&rsquo;est ce qu&rsquo;a\u00a0proclam\u00e9 le Pr\u00e9sident de R\u00e9gion,  l&rsquo;UMP Philippe Richert&#8230; car oui, c&rsquo;est bien de l&rsquo;Alsace dont il  s&rsquo;agit\u00a0!<\/span><\/div>\n<div><\/div>\n<div><\/div>\n<div><\/div>\n<p><span style=\"font-size: 10pt;\">LB<\/span><\/p>\n<p><span style=\"font-size: 10pt;\">{jcomments on}<br \/><\/span><\/p>\n","protected":false},"excerpt":{"rendered":"<p>C&rsquo;est ce qui vient d&rsquo;\u00eatre adopt\u00e9 ce samedi 24 novembre, par les conseillers g\u00e9n\u00e9raux et r\u00e9gionaux des deux d\u00e9partements r\u00e9unis en congr\u00e8s : 108 voix pour, 5 contre, 9 abstentions (sources : Lib\u00e9ration, Nouvel Observateur, le Point, &#8230; le 24\/11\/2012). Le projet de cr\u00e9ation de cette collectivit\u00e9 territoriale unique pourra, selon ses promoteurs, \u00ab\u00a0gagner en &#8230; <a title=\"En 2013, un r\u00e9f\u00e9rendum pour fusionner les deux d\u00e9partements en une collectivit\u00e9 r\u00e9gionale unique\" class=\"read-more\" href=\"https:\/\/sabaudia-mrs.org\/index.php\/2012\/11\/29\/en-2013-un-referendum-pour-fusionner-les-deux-departements-en-une-collectivite-regionale-unique\/\" aria-label=\"En savoir plus sur En 2013, un r\u00e9f\u00e9rendum pour fusionner les deux d\u00e9partements en une collectivit\u00e9 r\u00e9gionale unique\">Lire la suite<\/a><\/p>\n","protected":false},"author":1,"featured_media":100,"comment_status":"open","ping_status":"open","sticky":false,"template":"","format":"standard","meta":{"footnotes":""},"categories":[47],"tags":[],"class_list":["post-101","post","type-post","status-publish","format-standard","has-post-thumbnail","hentry","category-rassemblement-73-74"],"_links":{"self":[{"href":"https:\/\/sabaudia-mrs.org\/index.php\/wp-json\/wp\/v2\/posts\/101","targetHints":{"allow":["GET"]}}],"collection":[{"href":"https:\/\/sabaudia-mrs.org\/index.php\/wp-json\/wp\/v2\/posts"}],"about":[{"href":"https:\/\/sabaudia-mrs.org\/index.php\/wp-json\/wp\/v2\/types\/post"}],"author":[{"embeddable":true,"href":"https:\/\/sabaudia-mrs.org\/index.php\/wp-json\/wp\/v2\/users\/1"}],"replies":[{"embeddable":true,"href":"https:\/\/sabaudia-mrs.org\/index.php\/wp-json\/wp\/v2\/comments?post=101"}],"version-history":[{"count":0,"href":"https:\/\/sabaudia-mrs.org\/index.php\/wp-json\/wp\/v2\/posts\/101\/revisions"}],"wp:featuredmedia":[{"embeddable":true,"href":"https:\/\/sabaudia-mrs.org\/index.php\/wp-json\/wp\/v2\/media\/100"}],"wp:attachment":[{"href":"https:\/\/sabaudia-mrs.org\/index.php\/wp-json\/wp\/v2\/media?parent=101"}],"wp:term":[{"taxonomy":"category","embeddable":true,"href":"https:\/\/sabaudia-mrs.org\/index.php\/wp-json\/wp\/v2\/categories?post=101"},{"taxonomy":"post_tag","embeddable":true,"href":"https:\/\/sabaudia-mrs.org\/index.php\/wp-json\/wp\/v2\/tags?post=101"}],"curies":[{"name":"wp","href":"https:\/\/api.w.org\/{rel}","templated":true}]}}